{"id":2395,"date":"2022-04-25T08:13:39","date_gmt":"2022-04-25T12:13:39","guid":{"rendered":"https:\/\/horizonrosemere.ca\/?p=2395"},"modified":"2022-04-25T08:18:20","modified_gmt":"2022-04-25T12:18:20","slug":"conference-sur-la-memoire","status":"publish","type":"post","link":"https:\/\/horizonrosemere.ca\/en\/conference-sur-la-memoire\/","title":{"rendered":"CONF\u00c9RENCE SUR LA M\u00c9MOIRE"},"content":{"rendered":"<div data-elementor-type=\"wp-post\" data-elementor-id=\"2395\" class=\"elementor elementor-2395\" data-elementor-post-type=\"post\">\n\t\t\t\t\t\t<section class=\"elementor-section elementor-top-section elementor-element elementor-element-1814fde elementor-section-boxed elementor-section-height-default elementor-section-height-default\" data-id=\"1814fde\" data-element_type=\"section\" data-e-type=\"section\">\n\t\t\t\t\t\t<div class=\"elementor-container elementor-column-gap-default\">\n\t\t\t\t\t<div class=\"elementor-column elementor-col-100 elementor-top-column elementor-element elementor-element-0552f05\" data-id=\"0552f05\" data-element_type=\"column\" data-e-type=\"column\">\n\t\t\t<div class=\"elementor-widget-wrap elementor-element-populated\">\n\t\t\t\t\t\t<div class=\"elementor-element elementor-element-314a826 elementor-widget elementor-widget-heading\" data-id=\"314a826\" data-element_type=\"widget\" data-e-type=\"widget\" data-widget_type=\"heading.default\">\n\t\t\t\t<div class=\"elementor-widget-container\">\n\t\t\t\t\t<h2 class=\"elementor-heading-title elementor-size-default\">Mardi le 17 mai 13h30\n\n\n<\/h2>\t\t\t\t<\/div>\n\t\t\t\t<\/div>\n\t\t\t\t\t<\/div>\n\t\t<\/div>\n\t\t\t\t\t<\/div>\n\t\t<\/section>\n\t\t\t\t<section class=\"elementor-section elementor-top-section elementor-element elementor-element-bd52d78 elementor-section-boxed elementor-section-height-default elementor-section-height-default\" data-id=\"bd52d78\" data-element_type=\"section\" data-e-type=\"section\">\n\t\t\t\t\t\t<div class=\"elementor-container elementor-column-gap-default\">\n\t\t\t\t\t<div class=\"elementor-column elementor-col-100 elementor-top-column elementor-element elementor-element-d49ac2e\" data-id=\"d49ac2e\" data-element_type=\"column\" data-e-type=\"column\">\n\t\t\t<div class=\"elementor-widget-wrap elementor-element-populated\">\n\t\t\t\t\t\t<div class=\"elementor-element elementor-element-35a412a elementor-widget elementor-widget-image\" data-id=\"35a412a\" data-element_type=\"widget\" data-e-type=\"widget\" data-widget_type=\"image.default\">\n\t\t\t\t<div class=\"elementor-widget-container\">\n\t\t\t\t\t\t\t\t\t\t\t\t\t\t\t<img fetchpriority=\"high\" decoding=\"async\" width=\"768\" height=\"659\" src=\"https:\/\/horizonrosemere.ca\/wp-content\/uploads\/2022\/04\/guillemette-isnard.jpg\" class=\"attachment-medium_large size-medium_large wp-image-2391\" alt=\"\" \/>\t\t\t\t\t\t\t\t\t\t\t\t\t\t\t<\/div>\n\t\t\t\t<\/div>\n\t\t\t\t\t<\/div>\n\t\t<\/div>\n\t\t\t\t\t<\/div>\n\t\t<\/section>\n\t\t\t\t<section class=\"elementor-section elementor-top-section elementor-element elementor-element-f98ccc4 elementor-section-boxed elementor-section-height-default elementor-section-height-default\" data-id=\"f98ccc4\" data-element_type=\"section\" data-e-type=\"section\">\n\t\t\t\t\t\t<div class=\"elementor-container elementor-column-gap-default\">\n\t\t\t\t\t<div class=\"elementor-column elementor-col-100 elementor-top-column elementor-element elementor-element-3033d07\" data-id=\"3033d07\" data-element_type=\"column\" data-e-type=\"column\">\n\t\t\t<div class=\"elementor-widget-wrap elementor-element-populated\">\n\t\t\t\t\t\t<div class=\"elementor-element elementor-element-962c40f elementor-widget elementor-widget-text-editor\" data-id=\"962c40f\" data-element_type=\"widget\" data-e-type=\"widget\" data-widget_type=\"text-editor.default\">\n\t\t\t\t<div class=\"elementor-widget-container\">\n\t\t\t\t\t\t\t\t\t<div class=\"kvgmc6g5 cxmmr5t8 oygrvhab hcukyx3x c1et5uql ii04i59q\"><div dir=\"auto\" style=\"text-align: center;\"><strong>GRATUIT &#8211; Ouvert au grand public sur r\u00e9servation<\/strong><\/div><div dir=\"auto\">\u00a0<\/div><\/div><div class=\"cxmmr5t8 oygrvhab hcukyx3x c1et5uql o9v6fnle ii04i59q\" style=\"text-align: center;\"><div dir=\"auto\">Dans le cadre de la programmation du 50e anniversaire, l\u2019Association Horizon Rosem\u00e8re organise une conf\u00e9rence qui portera sur la m\u00e9moire, le 17 mai \u00e0 13h30 dans nos locaux, au 202 chemin de la Grande-C\u00f4te.<\/div><div dir=\"auto\">\u00a0<\/div><\/div><div class=\"cxmmr5t8 oygrvhab hcukyx3x c1et5uql o9v6fnle ii04i59q\" style=\"text-align: center;\"><div dir=\"auto\">La conf\u00e9renci\u00e8re invit\u00e9e sera madame Guillemette Isnard. Elle est l\u2019auteure de quatre livres dont celui sur \u00ab La m\u00e9moire dans tous ses \u00e9tats \u00bb.<\/div><div dir=\"auto\">\u00a0<\/div><\/div><div class=\"cxmmr5t8 oygrvhab hcukyx3x c1et5uql o9v6fnle ii04i59q\" style=\"text-align: center;\"><div dir=\"auto\">Plus que toute autre facult\u00e9, la m\u00e9moire nous d\u00e9finit en temps qu\u2019\u00eatre humain. C\u2019est sans doute pourquoi l\u2019inqui\u00e9tude s\u2019empare de plusieurs \u00e0 l\u2019id\u00e9e de la perdre, en tout ou en partie, avec l\u2019\u00e2ge. En d\u00e9mystifiant la m\u00e9moire et surtout en d\u00e9montrant comment elle \u00e9volue avec le temps, madame Isnard fournira des strat\u00e9gies pour l\u2019am\u00e9liorer et faire en sorte qu\u2019elle soit une alli\u00e9e et non un pi\u00e8ge pour la qualit\u00e9 de vie des gens.<\/div><div dir=\"auto\">\u00a0<\/div><\/div><div class=\"cxmmr5t8 oygrvhab hcukyx3x c1et5uql o9v6fnle ii04i59q\" style=\"text-align: center;\"><div dir=\"auto\">L\u2019activit\u00e9 est gratuite et elle est offerte non seulement aux membres de l\u2019Association Horizon Rosem\u00e8re mais au grand public.<\/div><div dir=\"auto\">\u00a0<\/div><\/div><div class=\"cxmmr5t8 oygrvhab hcukyx3x c1et5uql o9v6fnle ii04i59q\" style=\"text-align: center;\"><div dir=\"auto\"><strong>Une r\u00e9servation est n\u00e9cessaire en communiquant au 514 995-1334 ou asso@horizonrosemere.ca<\/strong><\/div><div dir=\"auto\"><strong>La date limite pour s\u2019inscrire est le 10 mai.<\/strong><\/div><div dir=\"auto\">\u00a0<\/div><div dir=\"auto\">Nous esp\u00e9rons vous y rencontrer .<\/div><\/div><div class=\"cxmmr5t8 oygrvhab hcukyx3x c1et5uql o9v6fnle ii04i59q\"><div dir=\"auto\" style=\"text-align: center;\">Les membres du Conseil d\u2019administration<\/div><\/div>\t\t\t\t\t\t\t\t<\/div>\n\t\t\t\t<\/div>\n\t\t\t\t\t<\/div>\n\t\t<\/div>\n\t\t\t\t\t<\/div>\n\t\t<\/section>\n\t\t\t\t<section class=\"elementor-section elementor-top-section elementor-element elementor-element-dd70c40 elementor-section-boxed elementor-section-height-default elementor-section-height-default\" data-id=\"dd70c40\" data-element_type=\"section\" data-e-type=\"section\">\n\t\t\t\t\t\t<div class=\"elementor-container elementor-column-gap-default\">\n\t\t\t\t\t<div class=\"elementor-column elementor-col-100 elementor-top-column elementor-element elementor-element-5825c4c\" data-id=\"5825c4c\" data-element_type=\"column\" data-e-type=\"column\">\n\t\t\t<div class=\"elementor-widget-wrap elementor-element-populated\">\n\t\t\t\t\t\t<div class=\"elementor-element elementor-element-f736263 elementor-widget-divider--view-line elementor-widget elementor-widget-divider\" data-id=\"f736263\" data-element_type=\"widget\" data-e-type=\"widget\" data-widget_type=\"divider.default\">\n\t\t\t\t<div class=\"elementor-widget-container\">\n\t\t\t\t\t\t\t<div class=\"elementor-divider\">\n\t\t\t<span class=\"elementor-divider-separator\">\n\t\t\t\t\t\t<\/span>\n\t\t<\/div>\n\t\t\t\t\t\t<\/div>\n\t\t\t\t<\/div>\n\t\t\t\t\t<\/div>\n\t\t<\/div>\n\t\t\t\t\t<\/div>\n\t\t<\/section>\n\t\t\t\t<\/div>","protected":false},"excerpt":{"rendered":"<p>Mardi le 17 mai 13h30 GRATUIT &#8211; Ouvert au grand public sur r\u00e9servation\u00a0Dans le cadre de la programmation du 50e anniversaire, l\u2019Association Horizon Rosem\u00e8re organise une conf\u00e9rence qui portera sur la m\u00e9moire, le 17 mai \u00e0 13h30 dans nos locaux, au 202 chemin de la Grande-C\u00f4te.\u00a0La conf\u00e9renci\u00e8re invit\u00e9e sera madame Guillemette Isnard. Elle est l\u2019auteure [&hellip;]<\/p>\n","protected":false},"author":1,"featured_media":0,"comment_status":"closed","ping_status":"closed","sticky":false,"template":"","format":"standard","meta":{"footnotes":""},"categories":[1],"tags":[],"class_list":["post-2395","post","type-post","status-publish","format-standard","hentry","category-nouvelles"],"_links":{"self":[{"href":"https:\/\/horizonrosemere.ca\/en\/wp-json\/wp\/v2\/posts\/2395","targetHints":{"allow":["GET"]}}],"collection":[{"href":"https:\/\/horizonrosemere.ca\/en\/wp-json\/wp\/v2\/posts"}],"about":[{"href":"https:\/\/horizonrosemere.ca\/en\/wp-json\/wp\/v2\/types\/post"}],"author":[{"embeddable":true,"href":"https:\/\/horizonrosemere.ca\/en\/wp-json\/wp\/v2\/users\/1"}],"replies":[{"embeddable":true,"href":"https:\/\/horizonrosemere.ca\/en\/wp-json\/wp\/v2\/comments?post=2395"}],"version-history":[{"count":0,"href":"https:\/\/horizonrosemere.ca\/en\/wp-json\/wp\/v2\/posts\/2395\/revisions"}],"wp:attachment":[{"href":"https:\/\/horizonrosemere.ca\/en\/wp-json\/wp\/v2\/media?parent=2395"}],"wp:term":[{"taxonomy":"category","embeddable":true,"href":"https:\/\/horizonrosemere.ca\/en\/wp-json\/wp\/v2\/categories?post=2395"},{"taxonomy":"post_tag","embeddable":true,"href":"https:\/\/horizonrosemere.ca\/en\/wp-json\/wp\/v2\/tags?post=2395"}],"curies":[{"name":"wp","href":"https:\/\/api.w.org\/{rel}","templated":true}]}}